{"id":3245,"date":"2023-11-12T19:16:25","date_gmt":"2023-11-12T18:16:25","guid":{"rendered":"https:\/\/magyarjogaakademia.hu\/?p=3245"},"modified":"2023-11-13T17:27:57","modified_gmt":"2023-11-13T16:27:57","slug":"joga-es-ayurveda-muhely-2023","status":"publish","type":"post","link":"https:\/\/magyarjogaakademia.hu\/en\/joga-es-ayurveda-muhely-2023\/","title":{"rendered":"J\u00d3GA \u00c9S \u00c1YURV\u00c9DA M\u0170HELY 2023"},"content":{"rendered":"<p><strong>Helysz\u00edn:<\/strong>&nbsp;AHIMSZA J\u00f3gak\u00f6zpont Veszpr\u00e9m&nbsp;<\/p>\n\n\n\n<p><strong>Id\u0151pontja:<\/strong>&nbsp;2023.11.19. vas\u00e1rnap 10.00-16.00 -ig<\/p>\n\n\n\n<p><strong>D\u00edja<\/strong>: 10.000 Ft a nyomtatott szakmai anyaggal egy\u00fctt<\/p>\n\n\n\n<p><strong>Jelentkez\u00e9si hat\u00e1rid\u0151: 2023. 11.18.<\/strong><\/p>\n\n\n\n<p><strong>Tartja:<\/strong>&nbsp;Selmecin\u00e9 \u00c1gota min. vez. j\u00f3gaterapeuta, \u00e1yurv\u00e9da tan\u00e1csad\u00f3, a Magyar J\u00f3ga Akad\u00e9mia alap\u00edt\u00f3ja \u00e9s tan\u00e1ra<\/p>\n\n\n\n<figure class=\"wp-block-image size-full is-resized\"><img fetchpriority=\"high\" decoding=\"async\" width=\"243\" height=\"366\" src=\"https:\/\/magyarjogaakademia.hu\/wp-content\/uploads\/2023\/11\/Dhanvantari.png\" alt=\"Dhanvantari a gy\u00f3gy\u00edt\u00e1s istens\u00e9ge\" class=\"wp-image-3246\" style=\"width:179px;height:auto\" srcset=\"https:\/\/magyarjogaakademia.hu\/wp-content\/uploads\/2023\/11\/Dhanvantari.png 243w, https:\/\/magyarjogaakademia.hu\/wp-content\/uploads\/2023\/11\/Dhanvantari-199x300.png 199w\" sizes=\"(max-width: 243px) 100vw, 243px\" \/><figcaption class=\"wp-element-caption\">Dhanvantari a gy\u00f3gy\u00edt\u00e1s istens\u00e9ge<\/figcaption><\/figure>\n\n\n\n<p>A k\u00e9t tudom\u00e1nyter\u00fclet, vagy t\u00f6bbezer \u00e9ves tapasztalati rendszer kapcsolat\u00e1nak meg\u00e9rt\u00e9se rendk\u00edv\u00fcl \u00f6sszetett, izgalmas t\u00e9ma.<\/p>\n\n\n\n<p>Mindkett\u0151 rendelkezik energetikai min\u0151s\u00e9gekkel, de a k\u00fcl\u00f6nb\u00f6z\u0151s\u00e9g\u00fck t\u00f6bbek k\u00f6z\u00f6tt a k\u00f6vetkez\u0151 (kivonat a szakmai anyagb\u00f3l):<\/p>\n\n\n\n<p>\u201eA&nbsp;<strong>j\u00f3ga<\/strong>&nbsp;a h\u00e1rom g\u00fan\u00e1nak megfelel\u0151 ment\u00e1lis \u00e9rtelemben vizsg\u00e1lja az embereket, az&nbsp;<strong>\u00e1yurv\u00e9da<\/strong>&nbsp;a h\u00e1rom dos\u00e1n kereszt\u00fcl pszichofizikai alkatuknak megfelel\u0151en teszi ugyanezt. Ugyanakkor az&nbsp;<strong>ayurv\u00e9da figyelembe<\/strong>&nbsp;veszi a&nbsp;<strong>g\u00fan\u00e1k szerep\u00e9t<\/strong>&nbsp;is a ment\u00e1lis eg\u00e9szs\u00e9g \u00e9s a testi j\u00f3l\u00e9t t\u00e9nyez\u0151ik\u00e9nt, a&nbsp;<strong>j\u00f3ga&nbsp;<\/strong>pedig a fiziol\u00f3giai m\u0171k\u00f6d\u00e9shez viszony\u00edtva&nbsp;<strong>\u00e9rt\u00e9keli a dos\u00e1kat<\/strong>.&nbsp;<\/p>\n\n\n\n<p><strong>Az egy\u00e9ni term\u00e9szet min\u00e9l teljesebb meg\u00e1llap\u00edt\u00e1s\u00e1hoz a g\u00fan\u00e1k \u00e9s a dos\u00e1k jellemz\u0151it is figyelembe kell venni.\u201d<\/strong><\/p>\n\n\n\n<p>A j\u00f3ganap alatt v\u00e1laszt kapunk az alkatnak megfelel\u0151 gyakorl\u00e1sunkra. \u00d6sszehasonl\u00edtjuk a k\u00e9t tudom\u00e1nyter\u00fclet (j\u00f3ga \u00e9s \u00e1yurv\u00e9da) b\u00f6lcselet\u00e9t, tan\u00edt\u00e1sait, k\u00fcl\u00f6nb\u00f6z\u0151s\u00e9g\u00fcket \u00e9s hasonl\u00f3s\u00e1gukat. \u00c1tvesz\u00fcnk k\u00fcl\u00f6nb\u00f6z\u0151 j\u00f3gagyakorlat sorokat, melyek az egyes alkatok sz\u00e1m\u00e1ra aj\u00e1nlottak, valamint \u00e1tvessz\u00fck az egyes \u00e1szan\u00e1k alkatoknak megfelel\u0151 v\u00e9gz\u00e9s\u00e9t.&nbsp;&nbsp;<\/p>\n\n\n\n<p>Azaz, hogy hogyan v\u00e9gezz\u00fck az egyes \u00e1szan\u00e1kat, hogy a szelet-t\u00fczet \u00e9s vizet kiegyens\u00falyozzuk<\/p>\n\n\n\n<p>\u00c1tvessz\u00fck az alkatunknak megfelel\u0151 \u00e9letviteli, t\u00e1pl\u00e1lkoz\u00e1si tan\u00e1csokat \u00e9s a tiszt\u00edt\u00f3 k\u00far\u00e1kat.<\/p>\n\n\n\n<p>A napot j\u00f3ga nidr\u00e1val z\u00e1rjuk.<\/p>\n\n\n\n<p><strong>Jelentkez\u00e9si hat\u00e1rid\u0151: november 18. 12 \u00f3ra, a yoga@yoga.hu -n. Nyomtatott szakmai anyagot kapnak a r\u00e9sztvev\u0151k, valamint \u00e1yurv\u00e9dikus teak\u00f3stol\u00f3 lesz. D\u00edja: 10.000 Ft.&nbsp;<\/strong><\/p>\n\n\n\n<p><strong>Napk\u00f6zben gy\u00fcm\u00f6lcs\u00f6t fogyasztunk, eb\u00e9d most nem lesz.<\/strong><\/p>","protected":false},"excerpt":{"rendered":"<p>Helysz\u00edn:&nbsp;AHIMSZA J\u00f3gak\u00f6zpont Veszpr\u00e9m&nbsp; Id\u0151pontja:&nbsp;2023.11.19. vas\u00e1rnap 10.00-16.00 -ig D\u00edja: 10.000 Ft a nyomtatott szakmai anyaggal egy\u00fctt Jelentkez\u00e9si hat\u00e1rid\u0151: 2023. 11.18. Tartja:&nbsp;Selmecin\u00e9 \u00c1gota min. vez. j\u00f3gaterapeuta, \u00e1yurv\u00e9da tan\u00e1csad\u00f3, a Magyar J\u00f3ga Akad\u00e9mia alap\u00edt\u00f3ja \u00e9s tan\u00e1ra A k\u00e9t tudom\u00e1nyter\u00fclet, vagy t\u00f6bbezer \u00e9ves tapasztalati rendszer kapcsolat\u00e1nak meg\u00e9rt\u00e9se rendk\u00edv\u00fcl \u00f6sszetett, izgalmas t\u00e9ma. Mindkett\u0151 rendelkezik energetikai min\u0151s\u00e9gekkel, de a k\u00fcl\u00f6nb\u00f6z\u0151s\u00e9g\u00fck t\u00f6bbek [&hellip;]<\/p>","protected":false},"author":2,"featured_media":3252,"comment_status":"closed","ping_status":"open","sticky":false,"template":"","format":"standard","meta":{"site-sidebar-layout":"default","site-content-layout":"","ast-site-content-layout":"default","site-content-style":"default","site-sidebar-style":"default","ast-global-header-display":"","ast-banner-title-visibility":"","ast-main-header-display":"","ast-hfb-above-header-display":"","ast-hfb-below-header-display":"","ast-hfb-mobile-header-display":"","site-post-title":"","ast-breadcrumbs-content":"","ast-featured-img":"","footer-sml-layout":"","theme-transparent-header-meta":"","adv-header-id-meta":"","stick-header-meta":"","header-above-stick-meta":"","header-main-stick-meta":"","header-below-stick-meta":"","astra-migrate-meta-layouts":"set","ast-page-background-enabled":"default","ast-page-background-meta":{"desktop":{"background-color":"","background-image":"","background-repeat":"repeat","background-position":"center center","background-size":"auto","background-attachment":"scroll","background-type":"","background-media":"","overlay-type":"","overlay-color":"","overlay-opacity":"","overlay-gradient":""},"tablet":{"background-color":"","background-image":"","background-repeat":"repeat","background-position":"center center","background-size":"auto","background-attachment":"scroll","background-type":"","background-media":"","overlay-type":"","overlay-color":"","overlay-opacity":"","overlay-gradient":""},"mobile":{"background-color":"","background-image":"","background-repeat":"repeat","background-position":"center center","background-size":"auto","background-attachment":"scroll","background-type":"","background-media":"","overlay-type":"","overlay-color":"","overlay-opacity":"","overlay-gradient":""}},"ast-content-background-meta":{"desktop":{"background-color":"var(--ast-global-color-5)","background-image":"","background-repeat":"repeat","background-position":"center center","background-size":"auto","background-attachment":"scroll","background-type":"","background-media":"","overlay-type":"","overlay-color":"","overlay-opacity":"","overlay-gradient":""},"tablet":{"background-color":"var(--ast-global-color-5)","background-image":"","background-repeat":"repeat","background-position":"center center","background-size":"auto","background-attachment":"scroll","background-type":"","background-media":"","overlay-type":"","overlay-color":"","overlay-opacity":"","overlay-gradient":""},"mobile":{"background-color":"var(--ast-global-color-5)","background-image":"","background-repeat":"repeat","background-position":"center center","background-size":"auto","background-attachment":"scroll","background-type":"","background-media":"","overlay-type":"","overlay-color":"","overlay-opacity":"","overlay-gradient":""}},"footnotes":""},"categories":[8],"tags":[],"class_list":["post-3245","post","type-post","status-publish","format-standard","has-post-thumbnail","hentry","category-esemenyek"],"yoast_head":"<!-- This site is optimized with the Yoast SEO plugin v23.9 - https:\/\/yoast.com\/wordpress\/plugins\/seo\/ -->\n<title>J\u00d3GA \u00c9S \u00c1YURV\u00c9DA M\u0170HELY 2023 | Magyar J\u00f3ga Akad\u00e9mia<\/title>\n<meta name=\"robots\" content=\"index, follow, max-snippet:-1, max-image-preview:large, max-video-preview:-1\" \/>\n<link rel=\"canonical\" href=\"https:\/\/magyarjogaakademia.hu\/en\/joga-es-ayurveda-muhely-2023\/\" \/>\n<meta property=\"og:locale\" content=\"en_GB\" \/>\n<meta property=\"og:type\" content=\"article\" \/>\n<meta property=\"og:title\" content=\"J\u00d3GA \u00c9S \u00c1YURV\u00c9DA M\u0170HELY 2023 | Magyar J\u00f3ga Akad\u00e9mia\" \/>\n<meta property=\"og:description\" content=\"Helysz\u00edn:&nbsp;AHIMSZA J\u00f3gak\u00f6zpont Veszpr\u00e9m&nbsp; Id\u0151pontja:&nbsp;2023.11.19. vas\u00e1rnap 10.00-16.00 -ig D\u00edja: 10.000 Ft a nyomtatott szakmai anyaggal egy\u00fctt Jelentkez\u00e9si hat\u00e1rid\u0151: 2023. 11.18. Tartja:&nbsp;Selmecin\u00e9 \u00c1gota min. vez. j\u00f3gaterapeuta, \u00e1yurv\u00e9da tan\u00e1csad\u00f3, a Magyar J\u00f3ga Akad\u00e9mia alap\u00edt\u00f3ja \u00e9s tan\u00e1ra A k\u00e9t tudom\u00e1nyter\u00fclet, vagy t\u00f6bbezer \u00e9ves tapasztalati rendszer kapcsolat\u00e1nak meg\u00e9rt\u00e9se rendk\u00edv\u00fcl \u00f6sszetett, izgalmas t\u00e9ma. Mindkett\u0151 rendelkezik energetikai min\u0151s\u00e9gekkel, de a k\u00fcl\u00f6nb\u00f6z\u0151s\u00e9g\u00fck t\u00f6bbek [&hellip;]\" \/>\n<meta property=\"og:url\" content=\"https:\/\/magyarjogaakademia.hu\/en\/joga-es-ayurveda-muhely-2023\/\" \/>\n<meta property=\"og:site_name\" content=\"Magyar J\u00f3ga Akad\u00e9mia\" \/>\n<meta property=\"article:publisher\" content=\"https:\/\/www.facebook.com\/MagyarJogaAkademia\" \/>\n<meta property=\"article:published_time\" content=\"2023-11-12T18:16:25+00:00\" \/>\n<meta property=\"article:modified_time\" content=\"2023-11-13T16:27:57+00:00\" \/>\n<meta property=\"og:image\" content=\"https:\/\/magyarjogaakademia.hu\/wp-content\/uploads\/2023\/11\/Dhanvantari-169.png\" \/>\n\t<meta property=\"og:image:width\" content=\"240\" \/>\n\t<meta property=\"og:image:height\" content=\"135\" \/>\n\t<meta property=\"og:image:type\" content=\"image\/png\" \/>\n<meta name=\"author\" content=\"Magyar Joga Akademia\" \/>\n<meta name=\"twitter:card\" content=\"summary_large_image\" \/>\n<meta name=\"twitter:label1\" content=\"Written by\" \/>\n\t<meta name=\"twitter:data1\" content=\"Magyar Joga Akademia\" \/>\n\t<meta name=\"twitter:label2\" content=\"Estimated reading time\" \/>\n\t<meta name=\"twitter:data2\" content=\"2 minutes\" \/>\n<script type=\"application\/ld+json\" class=\"yoast-schema-graph\">{\"@context\":\"https:\/\/schema.org\",\"@graph\":[{\"@type\":\"Article\",\"@id\":\"https:\/\/magyarjogaakademia.hu\/joga-es-ayurveda-muhely-2023\/#article\",\"isPartOf\":{\"@id\":\"https:\/\/magyarjogaakademia.hu\/joga-es-ayurveda-muhely-2023\/\"},\"author\":{\"name\":\"Magyar Joga Akademia\",\"@id\":\"https:\/\/magyarjogaakademia.hu\/#\/schema\/person\/4561294a2ab3013e8a11572b6697c743\"},\"headline\":\"J\u00d3GA \u00c9S \u00c1YURV\u00c9DA M\u0170HELY 2023\",\"datePublished\":\"2023-11-12T18:16:25+00:00\",\"dateModified\":\"2023-11-13T16:27:57+00:00\",\"mainEntityOfPage\":{\"@id\":\"https:\/\/magyarjogaakademia.hu\/joga-es-ayurveda-muhely-2023\/\"},\"wordCount\":401,\"publisher\":{\"@id\":\"https:\/\/magyarjogaakademia.hu\/#organization\"},\"image\":{\"@id\":\"https:\/\/magyarjogaakademia.hu\/joga-es-ayurveda-muhely-2023\/#primaryimage\"},\"thumbnailUrl\":\"https:\/\/magyarjogaakademia.hu\/wp-content\/uploads\/2023\/11\/Dhanvantari-169.png\",\"articleSection\":[\"Esem\u00e9nyek\"],\"inLanguage\":\"en-GB\"},{\"@type\":\"WebPage\",\"@id\":\"https:\/\/magyarjogaakademia.hu\/joga-es-ayurveda-muhely-2023\/\",\"url\":\"https:\/\/magyarjogaakademia.hu\/joga-es-ayurveda-muhely-2023\/\",\"name\":\"J\u00d3GA \u00c9S \u00c1YURV\u00c9DA M\u0170HELY 2023 | Magyar J\u00f3ga Akad\u00e9mia\",\"isPartOf\":{\"@id\":\"https:\/\/magyarjogaakademia.hu\/#website\"},\"primaryImageOfPage\":{\"@id\":\"https:\/\/magyarjogaakademia.hu\/joga-es-ayurveda-muhely-2023\/#primaryimage\"},\"image\":{\"@id\":\"https:\/\/magyarjogaakademia.hu\/joga-es-ayurveda-muhely-2023\/#primaryimage\"},\"thumbnailUrl\":\"https:\/\/magyarjogaakademia.hu\/wp-content\/uploads\/2023\/11\/Dhanvantari-169.png\",\"datePublished\":\"2023-11-12T18:16:25+00:00\",\"dateModified\":\"2023-11-13T16:27:57+00:00\",\"breadcrumb\":{\"@id\":\"https:\/\/magyarjogaakademia.hu\/joga-es-ayurveda-muhely-2023\/#breadcrumb\"},\"inLanguage\":\"en-GB\",\"potentialAction\":[{\"@type\":\"ReadAction\",\"target\":[\"https:\/\/magyarjogaakademia.hu\/joga-es-ayurveda-muhely-2023\/\"]}]},{\"@type\":\"ImageObject\",\"inLanguage\":\"en-GB\",\"@id\":\"https:\/\/magyarjogaakademia.hu\/joga-es-ayurveda-muhely-2023\/#primaryimage\",\"url\":\"https:\/\/magyarjogaakademia.hu\/wp-content\/uploads\/2023\/11\/Dhanvantari-169.png\",\"contentUrl\":\"https:\/\/magyarjogaakademia.hu\/wp-content\/uploads\/2023\/11\/Dhanvantari-169.png\",\"width\":240,\"height\":135,\"caption\":\"Dhanvantari-169\"},{\"@type\":\"BreadcrumbList\",\"@id\":\"https:\/\/magyarjogaakademia.hu\/joga-es-ayurveda-muhely-2023\/#breadcrumb\",\"itemListElement\":[{\"@type\":\"ListItem\",\"position\":1,\"name\":\"Kezd\u0151lap\",\"item\":\"https:\/\/magyarjogaakademia.hu\/\"},{\"@type\":\"ListItem\",\"position\":2,\"name\":\"J\u00d3GA \u00c9S \u00c1YURV\u00c9DA M\u0170HELY 2023\"}]},{\"@type\":\"WebSite\",\"@id\":\"https:\/\/magyarjogaakademia.hu\/#website\",\"url\":\"https:\/\/magyarjogaakademia.hu\/\",\"name\":\"Magyar J\u00f3ga Akad\u00e9mia\",\"description\":\"Ahol a j\u00f3ga trad\u00edci\u00f3 \u00e9s a tudom\u00e1ny tal\u00e1lkozik.\",\"publisher\":{\"@id\":\"https:\/\/magyarjogaakademia.hu\/#organization\"},\"potentialAction\":[{\"@type\":\"SearchAction\",\"target\":{\"@type\":\"EntryPoint\",\"urlTemplate\":\"https:\/\/magyarjogaakademia.hu\/?s={search_term_string}\"},\"query-input\":{\"@type\":\"PropertyValueSpecification\",\"valueRequired\":true,\"valueName\":\"search_term_string\"}}],\"inLanguage\":\"en-GB\"},{\"@type\":\"Organization\",\"@id\":\"https:\/\/magyarjogaakademia.hu\/#organization\",\"name\":\"Magyar J\u00f3ga Akad\u00e9mia\",\"url\":\"https:\/\/magyarjogaakademia.hu\/\",\"logo\":{\"@type\":\"ImageObject\",\"inLanguage\":\"en-GB\",\"@id\":\"https:\/\/magyarjogaakademia.hu\/#\/schema\/logo\/image\/\",\"url\":\"https:\/\/magyarjogaakademia.hu\/wp-content\/uploads\/2023\/05\/magyar-joga-akademia-logo.png\",\"contentUrl\":\"https:\/\/magyarjogaakademia.hu\/wp-content\/uploads\/2023\/05\/magyar-joga-akademia-logo.png\",\"width\":524,\"height\":498,\"caption\":\"Magyar J\u00f3ga Akad\u00e9mia\"},\"image\":{\"@id\":\"https:\/\/magyarjogaakademia.hu\/#\/schema\/logo\/image\/\"},\"sameAs\":[\"https:\/\/www.facebook.com\/MagyarJogaAkademia\",\"https:\/\/www.youtube.com\/@magyarjogaakademia\"]},{\"@type\":\"Person\",\"@id\":\"https:\/\/magyarjogaakademia.hu\/#\/schema\/person\/4561294a2ab3013e8a11572b6697c743\",\"name\":\"Magyar Joga Akademia\",\"image\":{\"@type\":\"ImageObject\",\"inLanguage\":\"en-GB\",\"@id\":\"https:\/\/magyarjogaakademia.hu\/#\/schema\/person\/image\/\",\"url\":\"https:\/\/secure.gravatar.com\/avatar\/dc248845de15557836b3b5203e6e7228e2f0067c74bad0a821e379259c55e123?s=96&r=g\",\"contentUrl\":\"https:\/\/secure.gravatar.com\/avatar\/dc248845de15557836b3b5203e6e7228e2f0067c74bad0a821e379259c55e123?s=96&r=g\",\"caption\":\"Magyar Joga Akademia\"}}]}<\/script>\n<!-- \/ Yoast SEO plugin. -->","yoast_head_json":{"title":"J\u00d3GA \u00c9S \u00c1YURV\u00c9DA M\u0170HELY 2023 | Magyar J\u00f3ga Akad\u00e9mia","robots":{"index":"index","follow":"follow","max-snippet":"max-snippet:-1","max-image-preview":"max-image-preview:large","max-video-preview":"max-video-preview:-1"},"canonical":"https:\/\/magyarjogaakademia.hu\/en\/joga-es-ayurveda-muhely-2023\/","og_locale":"en_GB","og_type":"article","og_title":"J\u00d3GA \u00c9S \u00c1YURV\u00c9DA M\u0170HELY 2023 | Magyar J\u00f3ga Akad\u00e9mia","og_description":"Helysz\u00edn:&nbsp;AHIMSZA J\u00f3gak\u00f6zpont Veszpr\u00e9m&nbsp; Id\u0151pontja:&nbsp;2023.11.19. vas\u00e1rnap 10.00-16.00 -ig D\u00edja: 10.000 Ft a nyomtatott szakmai anyaggal egy\u00fctt Jelentkez\u00e9si hat\u00e1rid\u0151: 2023. 11.18. Tartja:&nbsp;Selmecin\u00e9 \u00c1gota min. vez. j\u00f3gaterapeuta, \u00e1yurv\u00e9da tan\u00e1csad\u00f3, a Magyar J\u00f3ga Akad\u00e9mia alap\u00edt\u00f3ja \u00e9s tan\u00e1ra A k\u00e9t tudom\u00e1nyter\u00fclet, vagy t\u00f6bbezer \u00e9ves tapasztalati rendszer kapcsolat\u00e1nak meg\u00e9rt\u00e9se rendk\u00edv\u00fcl \u00f6sszetett, izgalmas t\u00e9ma. Mindkett\u0151 rendelkezik energetikai min\u0151s\u00e9gekkel, de a k\u00fcl\u00f6nb\u00f6z\u0151s\u00e9g\u00fck t\u00f6bbek [&hellip;]","og_url":"https:\/\/magyarjogaakademia.hu\/en\/joga-es-ayurveda-muhely-2023\/","og_site_name":"Magyar J\u00f3ga Akad\u00e9mia","article_publisher":"https:\/\/www.facebook.com\/MagyarJogaAkademia","article_published_time":"2023-11-12T18:16:25+00:00","article_modified_time":"2023-11-13T16:27:57+00:00","og_image":[{"width":240,"height":135,"url":"https:\/\/magyarjogaakademia.hu\/wp-content\/uploads\/2023\/11\/Dhanvantari-169.png","type":"image\/png"}],"author":"Magyar Joga Akademia","twitter_card":"summary_large_image","twitter_misc":{"Written by":"Magyar Joga Akademia","Estimated reading time":"2 minutes"},"schema":{"@context":"https:\/\/schema.org","@graph":[{"@type":"Article","@id":"https:\/\/magyarjogaakademia.hu\/joga-es-ayurveda-muhely-2023\/#article","isPartOf":{"@id":"https:\/\/magyarjogaakademia.hu\/joga-es-ayurveda-muhely-2023\/"},"author":{"name":"Magyar Joga Akademia","@id":"https:\/\/magyarjogaakademia.hu\/#\/schema\/person\/4561294a2ab3013e8a11572b6697c743"},"headline":"J\u00d3GA \u00c9S \u00c1YURV\u00c9DA M\u0170HELY 2023","datePublished":"2023-11-12T18:16:25+00:00","dateModified":"2023-11-13T16:27:57+00:00","mainEntityOfPage":{"@id":"https:\/\/magyarjogaakademia.hu\/joga-es-ayurveda-muhely-2023\/"},"wordCount":401,"publisher":{"@id":"https:\/\/magyarjogaakademia.hu\/#organization"},"image":{"@id":"https:\/\/magyarjogaakademia.hu\/joga-es-ayurveda-muhely-2023\/#primaryimage"},"thumbnailUrl":"https:\/\/magyarjogaakademia.hu\/wp-content\/uploads\/2023\/11\/Dhanvantari-169.png","articleSection":["Esem\u00e9nyek"],"inLanguage":"en-GB"},{"@type":"WebPage","@id":"https:\/\/magyarjogaakademia.hu\/joga-es-ayurveda-muhely-2023\/","url":"https:\/\/magyarjogaakademia.hu\/joga-es-ayurveda-muhely-2023\/","name":"J\u00d3GA \u00c9S \u00c1YURV\u00c9DA M\u0170HELY 2023 | Magyar J\u00f3ga Akad\u00e9mia","isPartOf":{"@id":"https:\/\/magyarjogaakademia.hu\/#website"},"primaryImageOfPage":{"@id":"https:\/\/magyarjogaakademia.hu\/joga-es-ayurveda-muhely-2023\/#primaryimage"},"image":{"@id":"https:\/\/magyarjogaakademia.hu\/joga-es-ayurveda-muhely-2023\/#primaryimage"},"thumbnailUrl":"https:\/\/magyarjogaakademia.hu\/wp-content\/uploads\/2023\/11\/Dhanvantari-169.png","datePublished":"2023-11-12T18:16:25+00:00","dateModified":"2023-11-13T16:27:57+00:00","breadcrumb":{"@id":"https:\/\/magyarjogaakademia.hu\/joga-es-ayurveda-muhely-2023\/#breadcrumb"},"inLanguage":"en-GB","potentialAction":[{"@type":"ReadAction","target":["https:\/\/magyarjogaakademia.hu\/joga-es-ayurveda-muhely-2023\/"]}]},{"@type":"ImageObject","inLanguage":"en-GB","@id":"https:\/\/magyarjogaakademia.hu\/joga-es-ayurveda-muhely-2023\/#primaryimage","url":"https:\/\/magyarjogaakademia.hu\/wp-content\/uploads\/2023\/11\/Dhanvantari-169.png","contentUrl":"https:\/\/magyarjogaakademia.hu\/wp-content\/uploads\/2023\/11\/Dhanvantari-169.png","width":240,"height":135,"caption":"Dhanvantari-169"},{"@type":"BreadcrumbList","@id":"https:\/\/magyarjogaakademia.hu\/joga-es-ayurveda-muhely-2023\/#breadcrumb","itemListElement":[{"@type":"ListItem","position":1,"name":"Kezd\u0151lap","item":"https:\/\/magyarjogaakademia.hu\/"},{"@type":"ListItem","position":2,"name":"J\u00d3GA \u00c9S \u00c1YURV\u00c9DA M\u0170HELY 2023"}]},{"@type":"WebSite","@id":"https:\/\/magyarjogaakademia.hu\/#website","url":"https:\/\/magyarjogaakademia.hu\/","name":"Magyar J\u00f3ga Akad\u00e9mia","description":"Ahol a j\u00f3ga trad\u00edci\u00f3 \u00e9s a tudom\u00e1ny tal\u00e1lkozik.","publisher":{"@id":"https:\/\/magyarjogaakademia.hu\/#organization"},"potentialAction":[{"@type":"SearchAction","target":{"@type":"EntryPoint","urlTemplate":"https:\/\/magyarjogaakademia.hu\/?s={search_term_string}"},"query-input":{"@type":"PropertyValueSpecification","valueRequired":true,"valueName":"search_term_string"}}],"inLanguage":"en-GB"},{"@type":"Organization","@id":"https:\/\/magyarjogaakademia.hu\/#organization","name":"Magyar J\u00f3ga Akad\u00e9mia","url":"https:\/\/magyarjogaakademia.hu\/","logo":{"@type":"ImageObject","inLanguage":"en-GB","@id":"https:\/\/magyarjogaakademia.hu\/#\/schema\/logo\/image\/","url":"https:\/\/magyarjogaakademia.hu\/wp-content\/uploads\/2023\/05\/magyar-joga-akademia-logo.png","contentUrl":"https:\/\/magyarjogaakademia.hu\/wp-content\/uploads\/2023\/05\/magyar-joga-akademia-logo.png","width":524,"height":498,"caption":"Magyar J\u00f3ga Akad\u00e9mia"},"image":{"@id":"https:\/\/magyarjogaakademia.hu\/#\/schema\/logo\/image\/"},"sameAs":["https:\/\/www.facebook.com\/MagyarJogaAkademia","https:\/\/www.youtube.com\/@magyarjogaakademia"]},{"@type":"Person","@id":"https:\/\/magyarjogaakademia.hu\/#\/schema\/person\/4561294a2ab3013e8a11572b6697c743","name":"Magyar Joga Akademia","image":{"@type":"ImageObject","inLanguage":"en-GB","@id":"https:\/\/magyarjogaakademia.hu\/#\/schema\/person\/image\/","url":"https:\/\/secure.gravatar.com\/avatar\/dc248845de15557836b3b5203e6e7228e2f0067c74bad0a821e379259c55e123?s=96&r=g","contentUrl":"https:\/\/secure.gravatar.com\/avatar\/dc248845de15557836b3b5203e6e7228e2f0067c74bad0a821e379259c55e123?s=96&r=g","caption":"Magyar Joga Akademia"}}]}},"_links":{"self":[{"href":"https:\/\/magyarjogaakademia.hu\/en\/wp-json\/wp\/v2\/posts\/3245","targetHints":{"allow":["GET"]}}],"collection":[{"href":"https:\/\/magyarjogaakademia.hu\/en\/wp-json\/wp\/v2\/posts"}],"about":[{"href":"https:\/\/magyarjogaakademia.hu\/en\/wp-json\/wp\/v2\/types\/post"}],"author":[{"embeddable":true,"href":"https:\/\/magyarjogaakademia.hu\/en\/wp-json\/wp\/v2\/users\/2"}],"replies":[{"embeddable":true,"href":"https:\/\/magyarjogaakademia.hu\/en\/wp-json\/wp\/v2\/comments?post=3245"}],"version-history":[{"count":0,"href":"https:\/\/magyarjogaakademia.hu\/en\/wp-json\/wp\/v2\/posts\/3245\/revisions"}],"wp:featuredmedia":[{"embeddable":true,"href":"https:\/\/magyarjogaakademia.hu\/en\/wp-json\/wp\/v2\/media\/3252"}],"wp:attachment":[{"href":"https:\/\/magyarjogaakademia.hu\/en\/wp-json\/wp\/v2\/media?parent=3245"}],"wp:term":[{"taxonomy":"category","embeddable":true,"href":"https:\/\/magyarjogaakademia.hu\/en\/wp-json\/wp\/v2\/categories?post=3245"},{"taxonomy":"post_tag","embeddable":true,"href":"https:\/\/magyarjogaakademia.hu\/en\/wp-json\/wp\/v2\/tags?post=3245"}],"curies":[{"name":"wp","href":"https:\/\/api.w.org\/{rel}","templated":true}]}}