{"id":2293,"date":"2023-07-04T14:41:58","date_gmt":"2023-07-04T14:41:58","guid":{"rendered":"https:\/\/mentormarketing.hu\/?p=2293"},"modified":"2023-12-05T20:57:51","modified_gmt":"2023-12-05T19:57:51","slug":"a-vinijoga-terapia-muveszete-3-napos-muhely-2023-08","status":"publish","type":"post","link":"https:\/\/magyarjogaakademia.hu\/en\/a-vinijoga-terapia-muveszete-3-napos-muhely-2023-08\/","title":{"rendered":"A Vinij\u00f3ga ter\u00e1pia m\u0171v\u00e9szete &#8211; 3 napos m\u0171hely &#8211; 2023 augusztus\u00e1ban"},"content":{"rendered":"<div class=\"wp-block-columns is-layout-flex wp-container-core-columns-is-layout-28f84493 wp-block-columns-is-layout-flex\">\n<div class=\"wp-block-column is-layout-flow wp-block-column-is-layout-flow\">\n<p><strong>Id\u0151pont: 2023.augusztus 25-27<\/strong><\/p>\n\n\n\n<p>A Vinij\u00f3ga, egy \u0151si filoz\u00f3fiai&nbsp;\u00e9s gyakorl\u00e1si rendszer, ami Indi\u00e1b\u00f3l sz\u00e1rmazik,&nbsp;\u00e9s&nbsp;\u00e9vezredek&nbsp;\u00f3ta az eg\u00e9szs\u00e9g&nbsp;\u00e9s a harm\u00f3nikus \u00e9let t\u00e1mogat\u00f3ja. Gazdag szeml\u00e9letm\u00f3dja a megval\u00f3s\u00edt\u00e1s egyszer\u0171s\u00e9g\u00e9vel p\u00e1rosulva gener\u00e1ci\u00f3k&nbsp;\u00f3ta seg\u00edti k\u00f6vet\u0151it a spiritu\u00e1lis \u00faton.<\/p>\n\n\n\n<p>A Vinij\u00f3g\u00e1hoz hasonl\u00f3 rendszer egyik legfontosabb el\u0151nye, hogy az emberi l\u00e9nyt holisztikus egys\u00e9gnek tekinti,&nbsp;\u00e9s ez\u00e9rt az eg\u00e9szs\u00e9get&nbsp;\u00e9s a j\u00f3ll\u00e9tet is ebb\u0151l a szemsz\u00f6gb\u0151l k\u00f6zel\u00edti meg. Ez\u00e9rt haszn\u00e1l sokf\u00e9le eszk\u00f6zt a gy\u00f3gy\u00edt\u00e1si folyamatban.<\/p>\n\n\n\n<p>B\u00e1r a k\u00f6ztudatban a j\u00f3g\u00e1t ma legink\u00e1bb a testtart\u00e1sokkal hozz\u00e1k&nbsp;\u00f6sszef\u00fcgg\u00e9sbe, de tudjuk, hogy ez csak egy, a sok eszk\u00f6z k\u00f6z\u00fcl. A Vinij\u00f3ga hat\u00e9kony eszk\u00f6zei k\u00f6z\u00e9&nbsp;tartozik t\u00f6bbek k\u00f6z\u00f6tt a tudatos l\u00e9gz\u00e9sszab\u00e1lyoz\u00e1s, a medit\u00e1ci\u00f3, az&nbsp;\u00e9letm\u00f3dv\u00e1lt\u00e1s, a vizualiz\u00e1ci\u00f3k, a&nbsp;mantr\u00e1k&nbsp;haszn\u00e1lata&nbsp;\u00e9s az&nbsp;\u00e9tkez\u00e9si aj\u00e1nl\u00e1sok. Ez\u00e1ltal a gy\u00f3gyul\u00e1si folyamat nagyon \u00e1tfog\u00f3v\u00e1 \u00e9s rendk\u00edv\u00fcl egy\u00e9nre szabott\u00e1 v\u00e1lik.<\/p>\n<\/div>\n\n\n\n<div class=\"wp-block-column is-layout-flow wp-block-column-is-layout-flow\">\n<div class=\"wp-block-uagb-image aligncenter uagb-block-36eb4497 wp-block-uagb-image--layout-default wp-block-uagb-image--effect-static wp-block-uagb-image--align-center\"><figure class=\"wp-block-uagb-image__figure\"><img loading=\"lazy\" decoding=\"async\" srcset=\"https:\/\/magyarjogaakademia.hu\/wp-content\/uploads\/2023\/07\/Krishnamacharya-es-TKV-Desikachar.webp \" sizes=\"auto, (max-width: 480px) 150px\" src=\"https:\/\/magyarjogaakademia.hu\/wp-content\/uploads\/2023\/07\/Krishnamacharya-es-TKV-Desikachar.webp\" alt=\"Krishnamacharya es TKV Desikachar\" class=\"uag-image-2294\" width=\"800\" height=\"450\" title=\"\"><figcaption class=\"uagb-image-caption\">Krishnamacharya \u00e9s  fia, TKV Desikachar<\/figcaption><\/figure><\/div>\n<\/div>\n<\/div>\n\n\n\n<div class=\"wp-block-uagb-container uagb-block-500ba5ed alignfull uagb-is-root-container\"><div class=\"uagb-container-inner-blocks-wrap\">\n<div class=\"wp-block-uagb-container uagb-block-1cf6e062\">\n<figure class=\"wp-block-image size-full\"><img fetchpriority=\"high\" decoding=\"async\" width=\"750\" height=\"500\" src=\"https:\/\/magyarjogaakademia.hu\/wp-content\/uploads\/2023\/05\/Kausthub-oktat-2-1.webp\" alt=\"Kausthub oktat\" class=\"wp-image-1336\" srcset=\"https:\/\/magyarjogaakademia.hu\/wp-content\/uploads\/2023\/05\/Kausthub-oktat-2-1.webp 750w, https:\/\/magyarjogaakademia.hu\/wp-content\/uploads\/2023\/05\/Kausthub-oktat-2-1-300x200.webp 300w\" sizes=\"(max-width: 750px) 100vw, 750px\" \/><\/figure>\n<\/div>\n<div class=\"wp-block-uagb-container uagb-block-1d3385cf\">\n<p>A Vinij\u00f3ga m\u00e1sik kulcsfontoss\u00e1g\u00fa el\u0151nye, hogy alkalmass\u00e1 teszi az embereket a gy\u00f3gyul\u00e1si folyamatra. Ahelyett, hogy passz\u00edv befogad\u00f3ja lenne a kezel\u00e9snek, a tan\u00edtv\u00e1ny (gy\u00f3gyul\u00e1sra v\u00e1gy\u00f3) akt\u00edvan r\u00e9szt vesz a j\u00f3ll\u00e9t\u00e9hez vezet\u0151 \u00faton,&nbsp;\u00e9s tudatos\u00edtja, hogy els\u0151sorban \u0151 a felel\u0151s a gy\u00f3gyul\u00e1s\u00e1\u00e9rt. A tan\u00edt\u00f3 szerepe puszt\u00e1n az, hogy a tan\u00edtv\u00e1nyt a gy\u00f3gyul\u00e1s eszk\u00f6zeihez vezesse&nbsp;\u00e9s megtan\u00edtsa ezek helyes alkalmaz\u00e1s\u00e1t. Ha ez megt\u00f6rt\u00e9nt, akkor a tan\u00edtv\u00e1ny feladata, hogy szorgalmasan gyakoroljon, megfigyelje a v\u00e1ltoz\u00e1sokat,&nbsp;\u00e9s minden v\u00e1ltoz\u00e1sr\u00f3l&nbsp;\u00e9rtes\u00edtse a tan\u00e1rt. \u00cdgy a gy\u00f3gyul\u00e1s a tan\u00edtv\u00e1ny egy\u00fcttm\u0171k\u00f6d\u00e9s\u00e9vel j\u00f6n l\u00e9tre,&nbsp;\u00e9s nem k\u00edv\u00fclr\u0151l \u00e9rkezik.<\/p>\n<\/div>\n<\/div><\/div>\n\n\n\n<div class=\"wp-block-uagb-container uagb-block-3f860b21 alignfull uagb-is-root-container\"><div class=\"uagb-container-inner-blocks-wrap\">\n\n<div class=\"wp-block-uagb-container uagb-block-33d09959\">\n\n<p>Ez az er\u0151teljes rendszer m\u00e1r sok ezer tan\u00edtv\u00e1nynak seg\u00edtett, akik a j\u00f3g\u00e1ban kerest\u00e9k a megold\u00e1st a probl\u00e9m\u00e1ikra. Ezt a nagyszer\u0171 m\u0171v\u00e9szetet T. Krishnamacharya t\u00f6k\u00e9letes\u00edtette&nbsp;\u00e9s mutatta be, valamint&nbsp;fia&nbsp;\u00e9s ut\u00f3dja, T.K.V. Desikachar k\u00f6zvet\u00edtette vil\u00e1gszerte. Sok embert gy\u00f3gy\u00edtottak meg&nbsp;mindenf\u00e9le probl\u00e9m\u00e1b\u00f3l ezzel a holisztikus, m\u00e9gis egyszer\u0171 megk\u00f6zel\u00edt\u00e9ssel. Ez a csal\u00e1di vonal 1200 \u00e9ve hordozza ezt a tud\u00e1st.<br><br>Dr. Kausthub Desikachar a T. Krishnamacharya&nbsp;\u00e9s T.K.V. Desikachar \u00e1ltal k\u00f6zvet\u00edtett klasszikus Vinij\u00f3ga hagyom\u00e1ny\u00e1nak ut\u00f3dja. Elismert j\u00f3gaoktat\u00f3, j\u00f3gaterapeuta, gy\u00f3gy\u00edt\u00f3 \u00e9s spiritu\u00e1lis tan\u00e1csad\u00f3. C\u00e9ljai k\u00f6z\u00e9&nbsp;tartozik a j\u00f3ga hiteles tan\u00edt\u00e1sainak megoszt\u00e1sa a modern korban, valamint a k\u00fcl\u00f6nb\u00f6z\u0151 gy\u00f3gy\u00edt\u00e1si m\u00f3dok k\u00f6z\u00f6tti h\u00edd\u00e9p\u00edt\u00e9s a fizikai,&nbsp;\u00e9rzelmi, szoci\u00e1lis&nbsp;\u00e9s spiritu\u00e1lis eg\u00e9szs\u00e9g el\u0151mozd\u00edt\u00e1sa&nbsp;\u00e9rdek\u00e9ben.<\/p>\n\n<\/div>\n\n\n<div class=\"wp-block-uagb-container uagb-block-bb7abfde\">\n\n<figure class=\"wp-block-image size-full\"><img decoding=\"async\" src=\"https:\/\/magyarjogaakademia.hu\/wp-content\/uploads\/2023\/05\/agica-kausthub-csongor.jpg\" alt=\"agica-kausthub-csongor\" class=\"wp-image-1111\"><\/figure>\n\n<\/div>\n\n<\/div><\/div>\n\n\n\n<p>Ez a szemin\u00e1rium a Vinij\u00f3ga holisztikus megk\u00f6zel\u00edt\u00e9s\u00e9nek, mint az eg\u00e9szs\u00e9g&nbsp;\u00e9s a j\u00f3ll\u00e9t kieg\u00e9sz\u00edt\u0151 rendszer\u00e9nek alapvet\u0151 elveit mutatja be. Olyan tapasztalati gyakorlatokat is k\u00edn\u00e1l, amelyekb\u0151l a r\u00e9sztvev\u0151k azonnal profit\u00e1lhatnak. K\u00fcl\u00f6n\u00f6sen&nbsp;\u00e9rdekes lesz j\u00f3gaoktat\u00f3k, j\u00f3gaterapeut\u00e1k, eg\u00e9szs\u00e9g\u00fcgyi szakemberek&nbsp;\u00e9s azok sz\u00e1m\u00e1ra, akik&nbsp;\u00e9rdekl\u0151dnek az eg\u00e9szs\u00e9g&nbsp;\u00e9s a j\u00f3ll\u00e9t holisztikus megk\u00f6zel\u00edt\u00e9se ir\u00e1nt.<\/p>\n\n\n\n<div class=\"wp-block-buttons alignwide is-content-justification-center is-layout-flex wp-container-core-buttons-is-layout-a89b3969 wp-block-buttons-is-layout-flex\">\n<div class=\"wp-block-button has-custom-font-size has-large-font-size\"><a class=\"wp-block-button__link has-text-align-center wp-element-button\" href=\"https:\/\/tudastar.magyarjogaakademia.hu\/products\/course\/a-vini-jga-terpia-mvszete\" style=\"padding-top:var(--wp--preset--spacing--30);padding-right:var(--wp--preset--spacing--30);padding-bottom:var(--wp--preset--spacing--30);padding-left:var(--wp--preset--spacing--30)\" target=\"_blank\" rel=\"noreferrer noopener\">Jelentkezem a szemin\u00e1riumra<\/a><\/div>\n<\/div>\n\n\n\n<div style=\"height:50px\" aria-hidden=\"true\" class=\"wp-block-spacer\"><\/div>\n\n\n\n<h2 class=\"wp-block-heading\"><strong>A program id\u0151beoszt\u00e1sa<\/strong><\/h2>\n\n\n\n<p class=\"has-medium-font-size\">2023.08.25-27. Minden nap 9.00 \u2013 12.30 \u00e9s 14.00 \u2013 17.00 ig.<\/p>\n\n\n\n<div style=\"height:50px\" aria-hidden=\"true\" class=\"wp-block-spacer\"><\/div>\n\n\n\n<h2 class=\"wp-block-heading\"><strong><strong>A program helysz\u00edne&nbsp;<\/strong><\/strong><\/h2>\n\n\n\n<p class=\"has-medium-font-size\">MagNet H\u00e1z,&nbsp; Budapest, Andr\u00e1ssy \u00fat 98, 1062&nbsp;<\/p>\n\n\n\n<div style=\"height:50px\" aria-hidden=\"true\" class=\"wp-block-spacer\"><\/div>\n\n\n\n<h2 class=\"wp-block-heading\"><strong><strong><strong>A program d\u00edja<\/strong><\/strong><\/strong><\/h2>\n\n\n\n<p class=\"has-medium-font-size\">A szemin\u00e1rium d\u00edja 120.000 Ft, amelynek fizet\u00e9se egy \u00f6sszegben vagy k\u00e9t egyenl\u0151 havi r\u00e9szletben t\u00f6rt\u00e9nik. Ez a r\u00e9szletfizet\u00e9s 2023. j\u00falius 24-ig \u00e9rhet\u0151 el. Onnant\u00f3l m\u00e1r csak egy \u00f6sszegben lehet fizetni.&nbsp;<\/p>\n\n\n\n<div style=\"height:50px\" aria-hidden=\"true\" class=\"wp-block-spacer\"><\/div>\n\n\n\n<h2 class=\"wp-block-heading\"><strong><strong><strong><strong>A program Nyelve<\/strong><\/strong><\/strong><\/strong><\/h2>\n\n\n\n<p>A programon magyar ford\u00edt\u00e1s lesz Selmeci Csongor tolm\u00e1csol\u00e1s\u00e1ban.<\/p>\n\n\n\n<div style=\"height:50px\" aria-hidden=\"true\" class=\"wp-block-spacer\"><\/div>\n\n\n\n<h2 class=\"wp-block-heading\"><strong><strong><strong><strong>Egy\u00e9b inform\u00e1ci\u00f3<\/strong><\/strong><\/strong><\/strong><\/h2>\n\n\n\n<p class=\"has-medium-font-size\">J\u00f3gasz\u0151nyeget aki tud hozzon mag\u00e1val. Akinek nincsen, annak a helysz\u00ednen biztos\u00edtunk.&nbsp;&nbsp;<\/p>\n\n\n\n<p><strong><em>Tov\u00e1bbi inform\u00e1ci\u00f3k a szervez\u0151kn\u00e9l:&nbsp;<br>Selmeci Csongor \u00e9s Selmecin\u00e9 \u00c1gi<br>+36302370838<br><\/em><\/strong><a href=\"mailto:yoga@yoga.hu?subject=The Art of Viniyoga | with Dr Kausthub Desikachar | August 2023\"><strong><em>yoga@yoga.hu<\/em><\/strong><\/a><\/p>\n\n\n\n<div class=\"wp-block-buttons alignwide is-content-justification-center is-layout-flex wp-container-core-buttons-is-layout-a89b3969 wp-block-buttons-is-layout-flex\">\n<div class=\"wp-block-button has-custom-font-size has-large-font-size\"><a class=\"wp-block-button__link has-text-align-center wp-element-button\" href=\"https:\/\/tudastar.magyarjogaakademia.hu\/products\/course\/a-vini-jga-terpia-mvszete\" style=\"padding-top:var(--wp--preset--spacing--30);padding-right:var(--wp--preset--spacing--30);padding-bottom:var(--wp--preset--spacing--30);padding-left:var(--wp--preset--spacing--30)\" target=\"_blank\" rel=\"noreferrer noopener\">Jelentkezem a szemin\u00e1riumra<\/a><\/div>\n<\/div>","protected":false},"excerpt":{"rendered":"<p>Id\u0151pont: 2023.augusztus 25-27 A Vinij\u00f3ga, egy \u0151si filoz\u00f3fiai&nbsp;\u00e9s gyakorl\u00e1si rendszer, ami Indi\u00e1b\u00f3l sz\u00e1rmazik,&nbsp;\u00e9s&nbsp;\u00e9vezredek&nbsp;\u00f3ta az eg\u00e9szs\u00e9g&nbsp;\u00e9s a harm\u00f3nikus \u00e9let t\u00e1mogat\u00f3ja. Gazdag szeml\u00e9letm\u00f3dja a megval\u00f3s\u00edt\u00e1s egyszer\u0171s\u00e9g\u00e9vel p\u00e1rosulva gener\u00e1ci\u00f3k&nbsp;\u00f3ta seg\u00edti k\u00f6vet\u0151it a spiritu\u00e1lis \u00faton. A Vinij\u00f3g\u00e1hoz hasonl\u00f3 rendszer egyik legfontosabb el\u0151nye, hogy az emberi l\u00e9nyt holisztikus egys\u00e9gnek tekinti,&nbsp;\u00e9s ez\u00e9rt az eg\u00e9szs\u00e9get&nbsp;\u00e9s a j\u00f3ll\u00e9tet is ebb\u0151l a szemsz\u00f6gb\u0151l k\u00f6zel\u00edti [&hellip;]<\/p>","protected":false},"author":2,"featured_media":2296,"comment_status":"closed","ping_status":"open","sticky":false,"template":"","format":"standard","meta":{"site-sidebar-layout":"default","site-content-layout":"","ast-site-content-layout":"default","site-content-style":"default","site-sidebar-style":"default","ast-global-header-display":"","ast-banner-title-visibility":"","ast-main-header-display":"","ast-hfb-above-header-display":"","ast-hfb-below-header-display":"","ast-hfb-mobile-header-display":"","site-post-title":"","ast-breadcrumbs-content":"","ast-featured-img":"disabled","footer-sml-layout":"","theme-transparent-header-meta":"","adv-header-id-meta":"","stick-header-meta":"","header-above-stick-meta":"","header-main-stick-meta":"","header-below-stick-meta":"","astra-migrate-meta-layouts":"set","ast-page-background-enabled":"default","ast-page-background-meta":{"desktop":{"background-color":"","background-image":"","background-repeat":"repeat","background-position":"center center","background-size":"auto","background-attachment":"scroll","background-type":"","background-media":"","overlay-type":"","overlay-color":"","overlay-opacity":"","overlay-gradient":""},"tablet":{"background-color":"","background-image":"","background-repeat":"repeat","background-position":"center center","background-size":"auto","background-attachment":"scroll","background-type":"","background-media":"","overlay-type":"","overlay-color":"","overlay-opacity":"","overlay-gradient":""},"mobile":{"background-color":"","background-image":"","background-repeat":"repeat","background-position":"center center","background-size":"auto","background-attachment":"scroll","background-type":"","background-media":"","overlay-type":"","overlay-color":"","overlay-opacity":"","overlay-gradient":""}},"ast-content-background-meta":{"desktop":{"background-color":"var(--ast-global-color-5)","background-image":"","background-repeat":"repeat","background-position":"center center","background-size":"auto","background-attachment":"scroll","background-type":"","background-media":"","overlay-type":"","overlay-color":"","overlay-opacity":"","overlay-gradient":""},"tablet":{"background-color":"var(--ast-global-color-5)","background-image":"","background-repeat":"repeat","background-position":"center center","background-size":"auto","background-attachment":"scroll","background-type":"","background-media":"","overlay-type":"","overlay-color":"","overlay-opacity":"","overlay-gradient":""},"mobile":{"background-color":"var(--ast-global-color-5)","background-image":"","background-repeat":"repeat","background-position":"center center","background-size":"auto","background-attachment":"scroll","background-type":"","background-media":"","overlay-type":"","overlay-color":"","overlay-opacity":"","overlay-gradient":""}},"footnotes":""},"categories":[8],"tags":[],"class_list":["post-2293","post","type-post","status-publish","format-standard","has-post-thumbnail","hentry","category-esemenyek"],"yoast_head":"<!-- This site is optimized with the Yoast SEO plugin v23.9 - https:\/\/yoast.com\/wordpress\/plugins\/seo\/ -->\n<title>A Vinij\u00f3ga ter\u00e1pia m\u0171v\u00e9szete - 3 napos m\u0171hely - 2023 augusztus\u00e1ban | Magyar J\u00f3ga Akad\u00e9mia<\/title>\n<meta name=\"robots\" content=\"index, follow, max-snippet:-1, max-image-preview:large, max-video-preview:-1\" \/>\n<link rel=\"canonical\" href=\"https:\/\/magyarjogaakademia.hu\/en\/a-vinijoga-terapia-muveszete-3-napos-muhely-2023-08\/\" \/>\n<meta property=\"og:locale\" content=\"en_GB\" \/>\n<meta property=\"og:type\" content=\"article\" \/>\n<meta property=\"og:title\" content=\"A Vinij\u00f3ga ter\u00e1pia m\u0171v\u00e9szete - 3 napos m\u0171hely - 2023 augusztus\u00e1ban | Magyar J\u00f3ga Akad\u00e9mia\" \/>\n<meta property=\"og:description\" content=\"Id\u0151pont: 2023.augusztus 25-27 A Vinij\u00f3ga, egy \u0151si filoz\u00f3fiai&nbsp;\u00e9s gyakorl\u00e1si rendszer, ami Indi\u00e1b\u00f3l sz\u00e1rmazik,&nbsp;\u00e9s&nbsp;\u00e9vezredek&nbsp;\u00f3ta az eg\u00e9szs\u00e9g&nbsp;\u00e9s a harm\u00f3nikus \u00e9let t\u00e1mogat\u00f3ja. Gazdag szeml\u00e9letm\u00f3dja a megval\u00f3s\u00edt\u00e1s egyszer\u0171s\u00e9g\u00e9vel p\u00e1rosulva gener\u00e1ci\u00f3k&nbsp;\u00f3ta seg\u00edti k\u00f6vet\u0151it a spiritu\u00e1lis \u00faton. A Vinij\u00f3g\u00e1hoz hasonl\u00f3 rendszer egyik legfontosabb el\u0151nye, hogy az emberi l\u00e9nyt holisztikus egys\u00e9gnek tekinti,&nbsp;\u00e9s ez\u00e9rt az eg\u00e9szs\u00e9get&nbsp;\u00e9s a j\u00f3ll\u00e9tet is ebb\u0151l a szemsz\u00f6gb\u0151l k\u00f6zel\u00edti [&hellip;]\" \/>\n<meta property=\"og:url\" content=\"https:\/\/magyarjogaakademia.hu\/en\/a-vinijoga-terapia-muveszete-3-napos-muhely-2023-08\/\" \/>\n<meta property=\"og:site_name\" content=\"Magyar J\u00f3ga Akad\u00e9mia\" \/>\n<meta property=\"article:publisher\" content=\"https:\/\/www.facebook.com\/MagyarJogaAkademia\" \/>\n<meta property=\"article:published_time\" content=\"2023-07-04T14:41:58+00:00\" \/>\n<meta property=\"article:modified_time\" content=\"2023-12-05T19:57:51+00:00\" \/>\n<meta property=\"og:image\" content=\"https:\/\/magyarjogaakademia.hu\/wp-content\/uploads\/2023\/07\/Vinijoga-terapia-202308-Boritokep.webp\" \/>\n\t<meta property=\"og:image:width\" content=\"800\" \/>\n\t<meta property=\"og:image:height\" content=\"450\" \/>\n\t<meta property=\"og:image:type\" content=\"image\/webp\" \/>\n<meta name=\"author\" content=\"Magyar Joga Akademia\" \/>\n<meta name=\"twitter:card\" content=\"summary_large_image\" \/>\n<meta name=\"twitter:label1\" content=\"Written by\" \/>\n\t<meta name=\"twitter:data1\" content=\"Magyar Joga Akademia\" \/>\n\t<meta name=\"twitter:label2\" content=\"Estimated reading time\" \/>\n\t<meta name=\"twitter:data2\" content=\"4 minutes\" \/>\n<script type=\"application\/ld+json\" class=\"yoast-schema-graph\">{\"@context\":\"https:\/\/schema.org\",\"@graph\":[{\"@type\":\"Article\",\"@id\":\"https:\/\/magyarjogaakademia.hu\/a-vinijoga-terapia-muveszete-3-napos-muhely-2023-08\/#article\",\"isPartOf\":{\"@id\":\"https:\/\/magyarjogaakademia.hu\/a-vinijoga-terapia-muveszete-3-napos-muhely-2023-08\/\"},\"author\":{\"name\":\"Magyar Joga Akademia\",\"@id\":\"https:\/\/magyarjogaakademia.hu\/#\/schema\/person\/4561294a2ab3013e8a11572b6697c743\"},\"headline\":\"A Vinij\u00f3ga ter\u00e1pia m\u0171v\u00e9szete &#8211; 3 napos m\u0171hely &#8211; 2023 augusztus\u00e1ban\",\"datePublished\":\"2023-07-04T14:41:58+00:00\",\"dateModified\":\"2023-12-05T19:57:51+00:00\",\"mainEntityOfPage\":{\"@id\":\"https:\/\/magyarjogaakademia.hu\/a-vinijoga-terapia-muveszete-3-napos-muhely-2023-08\/\"},\"wordCount\":821,\"publisher\":{\"@id\":\"https:\/\/magyarjogaakademia.hu\/#organization\"},\"image\":{\"@id\":\"https:\/\/magyarjogaakademia.hu\/a-vinijoga-terapia-muveszete-3-napos-muhely-2023-08\/#primaryimage\"},\"thumbnailUrl\":\"https:\/\/magyarjogaakademia.hu\/wp-content\/uploads\/2023\/07\/Vinijoga-terapia-202308-Boritokep.webp\",\"articleSection\":[\"Esem\u00e9nyek\"],\"inLanguage\":\"en-GB\"},{\"@type\":\"WebPage\",\"@id\":\"https:\/\/magyarjogaakademia.hu\/a-vinijoga-terapia-muveszete-3-napos-muhely-2023-08\/\",\"url\":\"https:\/\/magyarjogaakademia.hu\/a-vinijoga-terapia-muveszete-3-napos-muhely-2023-08\/\",\"name\":\"A Vinij\u00f3ga ter\u00e1pia m\u0171v\u00e9szete - 3 napos m\u0171hely - 2023 augusztus\u00e1ban | Magyar J\u00f3ga Akad\u00e9mia\",\"isPartOf\":{\"@id\":\"https:\/\/magyarjogaakademia.hu\/#website\"},\"primaryImageOfPage\":{\"@id\":\"https:\/\/magyarjogaakademia.hu\/a-vinijoga-terapia-muveszete-3-napos-muhely-2023-08\/#primaryimage\"},\"image\":{\"@id\":\"https:\/\/magyarjogaakademia.hu\/a-vinijoga-terapia-muveszete-3-napos-muhely-2023-08\/#primaryimage\"},\"thumbnailUrl\":\"https:\/\/magyarjogaakademia.hu\/wp-content\/uploads\/2023\/07\/Vinijoga-terapia-202308-Boritokep.webp\",\"datePublished\":\"2023-07-04T14:41:58+00:00\",\"dateModified\":\"2023-12-05T19:57:51+00:00\",\"breadcrumb\":{\"@id\":\"https:\/\/magyarjogaakademia.hu\/a-vinijoga-terapia-muveszete-3-napos-muhely-2023-08\/#breadcrumb\"},\"inLanguage\":\"en-GB\",\"potentialAction\":[{\"@type\":\"ReadAction\",\"target\":[\"https:\/\/magyarjogaakademia.hu\/a-vinijoga-terapia-muveszete-3-napos-muhely-2023-08\/\"]}]},{\"@type\":\"ImageObject\",\"inLanguage\":\"en-GB\",\"@id\":\"https:\/\/magyarjogaakademia.hu\/a-vinijoga-terapia-muveszete-3-napos-muhely-2023-08\/#primaryimage\",\"url\":\"https:\/\/magyarjogaakademia.hu\/wp-content\/uploads\/2023\/07\/Vinijoga-terapia-202308-Boritokep.webp\",\"contentUrl\":\"https:\/\/magyarjogaakademia.hu\/wp-content\/uploads\/2023\/07\/Vinijoga-terapia-202308-Boritokep.webp\",\"width\":800,\"height\":450,\"caption\":\"Vinijoga terapia 202308\"},{\"@type\":\"BreadcrumbList\",\"@id\":\"https:\/\/magyarjogaakademia.hu\/a-vinijoga-terapia-muveszete-3-napos-muhely-2023-08\/#breadcrumb\",\"itemListElement\":[{\"@type\":\"ListItem\",\"position\":1,\"name\":\"Kezd\u0151lap\",\"item\":\"https:\/\/magyarjogaakademia.hu\/\"},{\"@type\":\"ListItem\",\"position\":2,\"name\":\"A Vinij\u00f3ga ter\u00e1pia m\u0171v\u00e9szete &#8211; 3 napos m\u0171hely &#8211; 2023 augusztus\u00e1ban\"}]},{\"@type\":\"WebSite\",\"@id\":\"https:\/\/magyarjogaakademia.hu\/#website\",\"url\":\"https:\/\/magyarjogaakademia.hu\/\",\"name\":\"Magyar J\u00f3ga Akad\u00e9mia\",\"description\":\"Ahol a j\u00f3ga trad\u00edci\u00f3 \u00e9s a tudom\u00e1ny tal\u00e1lkozik.\",\"publisher\":{\"@id\":\"https:\/\/magyarjogaakademia.hu\/#organization\"},\"potentialAction\":[{\"@type\":\"SearchAction\",\"target\":{\"@type\":\"EntryPoint\",\"urlTemplate\":\"https:\/\/magyarjogaakademia.hu\/?s={search_term_string}\"},\"query-input\":{\"@type\":\"PropertyValueSpecification\",\"valueRequired\":true,\"valueName\":\"search_term_string\"}}],\"inLanguage\":\"en-GB\"},{\"@type\":\"Organization\",\"@id\":\"https:\/\/magyarjogaakademia.hu\/#organization\",\"name\":\"Magyar J\u00f3ga Akad\u00e9mia\",\"url\":\"https:\/\/magyarjogaakademia.hu\/\",\"logo\":{\"@type\":\"ImageObject\",\"inLanguage\":\"en-GB\",\"@id\":\"https:\/\/magyarjogaakademia.hu\/#\/schema\/logo\/image\/\",\"url\":\"https:\/\/magyarjogaakademia.hu\/wp-content\/uploads\/2023\/05\/magyar-joga-akademia-logo.png\",\"contentUrl\":\"https:\/\/magyarjogaakademia.hu\/wp-content\/uploads\/2023\/05\/magyar-joga-akademia-logo.png\",\"width\":524,\"height\":498,\"caption\":\"Magyar J\u00f3ga Akad\u00e9mia\"},\"image\":{\"@id\":\"https:\/\/magyarjogaakademia.hu\/#\/schema\/logo\/image\/\"},\"sameAs\":[\"https:\/\/www.facebook.com\/MagyarJogaAkademia\",\"https:\/\/www.youtube.com\/@magyarjogaakademia\"]},{\"@type\":\"Person\",\"@id\":\"https:\/\/magyarjogaakademia.hu\/#\/schema\/person\/4561294a2ab3013e8a11572b6697c743\",\"name\":\"Magyar Joga Akademia\",\"image\":{\"@type\":\"ImageObject\",\"inLanguage\":\"en-GB\",\"@id\":\"https:\/\/magyarjogaakademia.hu\/#\/schema\/person\/image\/\",\"url\":\"https:\/\/secure.gravatar.com\/avatar\/dc248845de15557836b3b5203e6e7228e2f0067c74bad0a821e379259c55e123?s=96&r=g\",\"contentUrl\":\"https:\/\/secure.gravatar.com\/avatar\/dc248845de15557836b3b5203e6e7228e2f0067c74bad0a821e379259c55e123?s=96&r=g\",\"caption\":\"Magyar Joga Akademia\"}}]}<\/script>\n<!-- \/ Yoast SEO plugin. -->","yoast_head_json":{"title":"A Vinij\u00f3ga ter\u00e1pia m\u0171v\u00e9szete - 3 napos m\u0171hely - 2023 augusztus\u00e1ban | Magyar J\u00f3ga Akad\u00e9mia","robots":{"index":"index","follow":"follow","max-snippet":"max-snippet:-1","max-image-preview":"max-image-preview:large","max-video-preview":"max-video-preview:-1"},"canonical":"https:\/\/magyarjogaakademia.hu\/en\/a-vinijoga-terapia-muveszete-3-napos-muhely-2023-08\/","og_locale":"en_GB","og_type":"article","og_title":"A Vinij\u00f3ga ter\u00e1pia m\u0171v\u00e9szete - 3 napos m\u0171hely - 2023 augusztus\u00e1ban | Magyar J\u00f3ga Akad\u00e9mia","og_description":"Id\u0151pont: 2023.augusztus 25-27 A Vinij\u00f3ga, egy \u0151si filoz\u00f3fiai&nbsp;\u00e9s gyakorl\u00e1si rendszer, ami Indi\u00e1b\u00f3l sz\u00e1rmazik,&nbsp;\u00e9s&nbsp;\u00e9vezredek&nbsp;\u00f3ta az eg\u00e9szs\u00e9g&nbsp;\u00e9s a harm\u00f3nikus \u00e9let t\u00e1mogat\u00f3ja. Gazdag szeml\u00e9letm\u00f3dja a megval\u00f3s\u00edt\u00e1s egyszer\u0171s\u00e9g\u00e9vel p\u00e1rosulva gener\u00e1ci\u00f3k&nbsp;\u00f3ta seg\u00edti k\u00f6vet\u0151it a spiritu\u00e1lis \u00faton. A Vinij\u00f3g\u00e1hoz hasonl\u00f3 rendszer egyik legfontosabb el\u0151nye, hogy az emberi l\u00e9nyt holisztikus egys\u00e9gnek tekinti,&nbsp;\u00e9s ez\u00e9rt az eg\u00e9szs\u00e9get&nbsp;\u00e9s a j\u00f3ll\u00e9tet is ebb\u0151l a szemsz\u00f6gb\u0151l k\u00f6zel\u00edti [&hellip;]","og_url":"https:\/\/magyarjogaakademia.hu\/en\/a-vinijoga-terapia-muveszete-3-napos-muhely-2023-08\/","og_site_name":"Magyar J\u00f3ga Akad\u00e9mia","article_publisher":"https:\/\/www.facebook.com\/MagyarJogaAkademia","article_published_time":"2023-07-04T14:41:58+00:00","article_modified_time":"2023-12-05T19:57:51+00:00","og_image":[{"width":800,"height":450,"url":"https:\/\/magyarjogaakademia.hu\/wp-content\/uploads\/2023\/07\/Vinijoga-terapia-202308-Boritokep.webp","type":"image\/webp"}],"author":"Magyar Joga Akademia","twitter_card":"summary_large_image","twitter_misc":{"Written by":"Magyar Joga Akademia","Estimated reading time":"4 minutes"},"schema":{"@context":"https:\/\/schema.org","@graph":[{"@type":"Article","@id":"https:\/\/magyarjogaakademia.hu\/a-vinijoga-terapia-muveszete-3-napos-muhely-2023-08\/#article","isPartOf":{"@id":"https:\/\/magyarjogaakademia.hu\/a-vinijoga-terapia-muveszete-3-napos-muhely-2023-08\/"},"author":{"name":"Magyar Joga Akademia","@id":"https:\/\/magyarjogaakademia.hu\/#\/schema\/person\/4561294a2ab3013e8a11572b6697c743"},"headline":"A Vinij\u00f3ga ter\u00e1pia m\u0171v\u00e9szete &#8211; 3 napos m\u0171hely &#8211; 2023 augusztus\u00e1ban","datePublished":"2023-07-04T14:41:58+00:00","dateModified":"2023-12-05T19:57:51+00:00","mainEntityOfPage":{"@id":"https:\/\/magyarjogaakademia.hu\/a-vinijoga-terapia-muveszete-3-napos-muhely-2023-08\/"},"wordCount":821,"publisher":{"@id":"https:\/\/magyarjogaakademia.hu\/#organization"},"image":{"@id":"https:\/\/magyarjogaakademia.hu\/a-vinijoga-terapia-muveszete-3-napos-muhely-2023-08\/#primaryimage"},"thumbnailUrl":"https:\/\/magyarjogaakademia.hu\/wp-content\/uploads\/2023\/07\/Vinijoga-terapia-202308-Boritokep.webp","articleSection":["Esem\u00e9nyek"],"inLanguage":"en-GB"},{"@type":"WebPage","@id":"https:\/\/magyarjogaakademia.hu\/a-vinijoga-terapia-muveszete-3-napos-muhely-2023-08\/","url":"https:\/\/magyarjogaakademia.hu\/a-vinijoga-terapia-muveszete-3-napos-muhely-2023-08\/","name":"A Vinij\u00f3ga ter\u00e1pia m\u0171v\u00e9szete - 3 napos m\u0171hely - 2023 augusztus\u00e1ban | Magyar J\u00f3ga Akad\u00e9mia","isPartOf":{"@id":"https:\/\/magyarjogaakademia.hu\/#website"},"primaryImageOfPage":{"@id":"https:\/\/magyarjogaakademia.hu\/a-vinijoga-terapia-muveszete-3-napos-muhely-2023-08\/#primaryimage"},"image":{"@id":"https:\/\/magyarjogaakademia.hu\/a-vinijoga-terapia-muveszete-3-napos-muhely-2023-08\/#primaryimage"},"thumbnailUrl":"https:\/\/magyarjogaakademia.hu\/wp-content\/uploads\/2023\/07\/Vinijoga-terapia-202308-Boritokep.webp","datePublished":"2023-07-04T14:41:58+00:00","dateModified":"2023-12-05T19:57:51+00:00","breadcrumb":{"@id":"https:\/\/magyarjogaakademia.hu\/a-vinijoga-terapia-muveszete-3-napos-muhely-2023-08\/#breadcrumb"},"inLanguage":"en-GB","potentialAction":[{"@type":"ReadAction","target":["https:\/\/magyarjogaakademia.hu\/a-vinijoga-terapia-muveszete-3-napos-muhely-2023-08\/"]}]},{"@type":"ImageObject","inLanguage":"en-GB","@id":"https:\/\/magyarjogaakademia.hu\/a-vinijoga-terapia-muveszete-3-napos-muhely-2023-08\/#primaryimage","url":"https:\/\/magyarjogaakademia.hu\/wp-content\/uploads\/2023\/07\/Vinijoga-terapia-202308-Boritokep.webp","contentUrl":"https:\/\/magyarjogaakademia.hu\/wp-content\/uploads\/2023\/07\/Vinijoga-terapia-202308-Boritokep.webp","width":800,"height":450,"caption":"Vinijoga terapia 202308"},{"@type":"BreadcrumbList","@id":"https:\/\/magyarjogaakademia.hu\/a-vinijoga-terapia-muveszete-3-napos-muhely-2023-08\/#breadcrumb","itemListElement":[{"@type":"ListItem","position":1,"name":"Kezd\u0151lap","item":"https:\/\/magyarjogaakademia.hu\/"},{"@type":"ListItem","position":2,"name":"A Vinij\u00f3ga ter\u00e1pia m\u0171v\u00e9szete &#8211; 3 napos m\u0171hely &#8211; 2023 augusztus\u00e1ban"}]},{"@type":"WebSite","@id":"https:\/\/magyarjogaakademia.hu\/#website","url":"https:\/\/magyarjogaakademia.hu\/","name":"Magyar J\u00f3ga Akad\u00e9mia","description":"Ahol a j\u00f3ga trad\u00edci\u00f3 \u00e9s a tudom\u00e1ny tal\u00e1lkozik.","publisher":{"@id":"https:\/\/magyarjogaakademia.hu\/#organization"},"potentialAction":[{"@type":"SearchAction","target":{"@type":"EntryPoint","urlTemplate":"https:\/\/magyarjogaakademia.hu\/?s={search_term_string}"},"query-input":{"@type":"PropertyValueSpecification","valueRequired":true,"valueName":"search_term_string"}}],"inLanguage":"en-GB"},{"@type":"Organization","@id":"https:\/\/magyarjogaakademia.hu\/#organization","name":"Magyar J\u00f3ga Akad\u00e9mia","url":"https:\/\/magyarjogaakademia.hu\/","logo":{"@type":"ImageObject","inLanguage":"en-GB","@id":"https:\/\/magyarjogaakademia.hu\/#\/schema\/logo\/image\/","url":"https:\/\/magyarjogaakademia.hu\/wp-content\/uploads\/2023\/05\/magyar-joga-akademia-logo.png","contentUrl":"https:\/\/magyarjogaakademia.hu\/wp-content\/uploads\/2023\/05\/magyar-joga-akademia-logo.png","width":524,"height":498,"caption":"Magyar J\u00f3ga Akad\u00e9mia"},"image":{"@id":"https:\/\/magyarjogaakademia.hu\/#\/schema\/logo\/image\/"},"sameAs":["https:\/\/www.facebook.com\/MagyarJogaAkademia","https:\/\/www.youtube.com\/@magyarjogaakademia"]},{"@type":"Person","@id":"https:\/\/magyarjogaakademia.hu\/#\/schema\/person\/4561294a2ab3013e8a11572b6697c743","name":"Magyar Joga Akademia","image":{"@type":"ImageObject","inLanguage":"en-GB","@id":"https:\/\/magyarjogaakademia.hu\/#\/schema\/person\/image\/","url":"https:\/\/secure.gravatar.com\/avatar\/dc248845de15557836b3b5203e6e7228e2f0067c74bad0a821e379259c55e123?s=96&r=g","contentUrl":"https:\/\/secure.gravatar.com\/avatar\/dc248845de15557836b3b5203e6e7228e2f0067c74bad0a821e379259c55e123?s=96&r=g","caption":"Magyar Joga Akademia"}}]}},"_links":{"self":[{"href":"https:\/\/magyarjogaakademia.hu\/en\/wp-json\/wp\/v2\/posts\/2293","targetHints":{"allow":["GET"]}}],"collection":[{"href":"https:\/\/magyarjogaakademia.hu\/en\/wp-json\/wp\/v2\/posts"}],"about":[{"href":"https:\/\/magyarjogaakademia.hu\/en\/wp-json\/wp\/v2\/types\/post"}],"author":[{"embeddable":true,"href":"https:\/\/magyarjogaakademia.hu\/en\/wp-json\/wp\/v2\/users\/2"}],"replies":[{"embeddable":true,"href":"https:\/\/magyarjogaakademia.hu\/en\/wp-json\/wp\/v2\/comments?post=2293"}],"version-history":[{"count":0,"href":"https:\/\/magyarjogaakademia.hu\/en\/wp-json\/wp\/v2\/posts\/2293\/revisions"}],"wp:featuredmedia":[{"embeddable":true,"href":"https:\/\/magyarjogaakademia.hu\/en\/wp-json\/wp\/v2\/media\/2296"}],"wp:attachment":[{"href":"https:\/\/magyarjogaakademia.hu\/en\/wp-json\/wp\/v2\/media?parent=2293"}],"wp:term":[{"taxonomy":"category","embeddable":true,"href":"https:\/\/magyarjogaakademia.hu\/en\/wp-json\/wp\/v2\/categories?post=2293"},{"taxonomy":"post_tag","embeddable":true,"href":"https:\/\/magyarjogaakademia.hu\/en\/wp-json\/wp\/v2\/tags?post=2293"}],"curies":[{"name":"wp","href":"https:\/\/api.w.org\/{rel}","templated":true}]}}